{"id":2377,"date":"2015-11-21T01:19:25","date_gmt":"2015-11-21T01:19:25","guid":{"rendered":"https:\/\/espalhando.com.br?p=2377"},"modified":"2015-11-21T01:19:25","modified_gmt":"2015-11-21T01:19:25","slug":"curso-de-midias-sociais-para-servidores-publicos-unicamp-2015","status":"publish","type":"post","link":"https:\/\/www.espalhando.com.br\/blog\/curso-de-midias-sociais-para-servidores-publicos-unicamp-2015\/","title":{"rendered":"Curso de M\u00eddias Sociais para Servidores P\u00fablicos &#8211; UNICAMP 2015"},"content":{"rendered":"<p>Buscando ampliar o conhecimento dos servidores p\u00fablicos em variados temas, a <strong>Unicamp &#8211; Universidade Estadual de Campinas<\/strong> procura promover palestras e cursos com os melhores profissionais do mercado de tecnologia, como a <strong>palestra ministrada pelo nosso CEO da Ag\u00eancia Espalhando<\/strong>, <strong>Fl\u00e1vio Muniz<\/strong>, cujo tema abordado foi a utiliza\u00e7\u00e3o de <strong>m\u00eddias sociais voltada a institui\u00e7\u00f5es p\u00fablicas<\/strong>.<\/p>\n<p><img decoding=\"async\" class=\"size-full wp-image-2379 aligncenter\" src=\"https:\/\/www.espalhando.com.brwp-content\/uploads\/2015\/11\/12240848_1178945828787037_267838377870377485_o.jpg\" alt=\"Fl\u00e1vio Muniz\" width=\"2048\" height=\"1365\" \/><\/p>\n<p style=\"text-align: right;\"><span style=\"color: #999999;\"><em>Foto by Ronei Thezolin &#8211; UNICAMP<\/em><\/span><\/p>\n<p>Antes de falar um pouco sobre a palestra em si, \u00e9 importante apresentar o palestrante, Fl\u00e1vio Muniz \u00e9 especializado em Marketing Pol\u00edtico e Propaganda Eleitoral pela ECA\/USP com MBA em\u00a0 Social media and Online Strategies por Harvard \/ Boston &#8211; USA. Al\u00e9m disso, \u00e9 fundador e CEO da ag\u00eancia de marketing digital Espalhando. Em outras palavras, Fl\u00e1vio det\u00e9m o conhecimento necess\u00e1rio para dar palestras e treinamentos educativos acerca deste tema, j\u00e1 que \u00e9 autoridade no assunto.<\/p>\n<p>Abaixo mostraremos o conte\u00fado program\u00e1tico elaborado por Fl\u00e1vio e sua equipe para a palestra na UNICAMP, vejam que os t\u00f3picos e tema tem total rela\u00e7\u00e3o com a necessidade da Universidade:<\/p>\n<h2><b><strong>Introdu\u00e7\u00e3o \u00e0s redes sociais e marketing digital<\/strong><\/b><\/h2>\n<p>Dentro desta palestra, foi apresentado uma breve defini\u00e7\u00e3o aos participantes sobre o que \u00e9 marketing digital, e o que s\u00e3o as redes sociais. Nomenclaturas, conceitos e metodologias foram explicadas de forma concisa e clara, para que todos os participantes pudessem entender como esse universo funciona.<\/p>\n<p>O conceito de marketing digital ou Web Marketing, como tamb\u00e9m \u00e9 conhecido, \u00e9 simples. Consiste em um conjunto de a\u00e7\u00f5es realizadas on-line para criar a identidade de uma determinada marca, al\u00e9m de divulgar, criar relacionamentos entre empresa e cliente, e sobretudo, criar novas oportunidades de neg\u00f3cios.<\/p>\n<p><img decoding=\"async\" class=\"size-full wp-image-2380 aligncenter\" src=\"https:\/\/www.espalhando.com.brwp-content\/uploads\/2015\/11\/IMG_8032.jpg\" alt=\"Professor Fl\u00e1vio Muniz \" width=\"1600\" height=\"988\" \/><\/p>\n<p>Bem como o marketing tradicional, que \u00e9 aquele que abrange revistas, jornais, r\u00e1dio e TV, o marketing digital est\u00e1 sempre antenado no que se refere \u00e0s novidades do mercado e \u00e0s novas linguagens para atrair clientes com mais efici\u00eancia. Sabendo disso, fica claro que a ferramenta mais utilizada hoje para atrair tais clientes s\u00e3o as redes sociais.<\/p>\n<h2><b><strong>Redes sociais<\/strong><\/b><\/h2>\n<p>As redes sociais, como o Facebook e o Twitter, por exemplo, s\u00e3o os meios mais utilizados pelas pessoas para compartilhar suas experi\u00eancias e seus interesses com outras pessoas. Disso surgiu uma grande oportunidade para as empresas: a de utilizar as redes sociais para criar interesses e experi\u00eancias relacionadas as suas marcas. Desse modo, uma divulga\u00e7\u00e3o org\u00e2nica, ou seja, feita pelas pr\u00f3prias pessoas, come\u00e7ou a ser realizada como consequ\u00eancia, ent\u00e3o recomendamos para o crescimento e intera\u00e7\u00e3o maior com o p\u00fablico o curso de redes sociais para empresas.<\/p>\n<p><a href=\"https:\/\/www.espalhando.com.brwp-content\/uploads\/2015\/11\/IMG_7979.jpg\"><img decoding=\"async\" class=\" wp-image-2381 aligncenter\" src=\"https:\/\/www.espalhando.com.brwp-content\/uploads\/2015\/11\/IMG_7979.jpg\" alt=\"Professor Fl\u00e1vio Muniz\" width=\"715\" height=\"536\" \/><\/a><\/p>\n<h2><b><strong>Metodologias utilizadas<\/strong><\/b><\/h2>\n<p><strong>As formas de realizar o marketing digital nas redes sociais s\u00e3o in\u00fameras. <\/strong><\/p>\n<p>Adequar o conte\u00fado ao p\u00fablico-alvo, procurar analisar os melhores dias e hor\u00e1rios para publica\u00e7\u00e3o, utilizar palavras-chave, CTAs (call to action), imagens bem elaboradas, hiperlinks, entre outras ferramentas e t\u00e9cnicas s\u00e3o o que fazem com que a divulga\u00e7\u00e3o do conte\u00fado tenha o efeito desejado.<\/p>\n<h3><b><strong>Os 5 princ\u00edpios que regem a utiliza\u00e7\u00e3o das m\u00eddias sociais<\/strong><\/b><\/h3>\n<p>Durante a palestra, Fl\u00e1vio explicou, utilizando casos de erros e acertos como exemplos, sobre a exist\u00eancia dos 5 princ\u00edpios b\u00e1sicos da administra\u00e7\u00e3o frente \u00e0 sociedade conectada na era da informa\u00e7\u00e3o. S\u00e3o elas a Legalidade, Impessoalidade, Moralidade, Publicidade e Efici\u00eancia (L.I.M.P.E.) e como esses princ\u00edpios podem ser utilizados com a finalidade de otimizar a utiliza\u00e7\u00e3o de plataformas digitais.<\/p>\n<p>Al\u00e9m disso, foi explicado como as m\u00eddias sociais s\u00e3o \u00fateis em um pa\u00eds onde mais da metade da popula\u00e7\u00e3o tem acesso \u00e0 internet, e quais as melhores pr\u00e1ticas no que diz respeito \u00e0 abordagem do que ele chama de \u201ccidad\u00e3o 2.0\u201d.<\/p>\n<h3><b><strong>Gest\u00e3o de crises e conflitos nas m\u00eddias sociais para \u00f3rg\u00e3os p\u00fablicos<\/strong><\/b><\/h3>\n<p>Ap\u00f3s explicar o conceito, os m\u00e9todos de utiliza\u00e7\u00e3o e falar sobre o p\u00fablico-alvo das m\u00eddias sociais, o ponto abordado foi como empresas e \u00f3rg\u00e3os p\u00fablicos podem utilizar essa ferramenta se precavendo dos efeitos negativos inerentes \u00e0 internet. Como poderia se dar a gest\u00e3o eficiente de uma crise no \u00e2mbito virtual e a melhor maneira de evita-las tamb\u00e9m foi um assunto colocado em pauta.<\/p>\n<h3><b><strong>M\u00eddias sociais como ferramentas para o exerc\u00edcio da cidadania e para a democratiza\u00e7\u00e3o da informa\u00e7\u00e3o p\u00fablica<\/strong><\/b><\/h3>\n<p>Estes dois t\u00f3picos apresentam a ideia de como as m\u00eddias sociais podem ser utilizadas para a apresenta\u00e7\u00e3o de projetos de leis, requerimentos e ementas, por exemplo, de modo que essas informa\u00e7\u00f5es atinjam o p\u00fablico-alvo de maneira adequada.<\/p>\n<p>Essas e outras utiliza\u00e7\u00f5es devem ser feitas de maneira que ningu\u00e9m se sinta ofendido, independentemente de classe, g\u00eanero ou grupo \u00e9tnico. Pelo contr\u00e1rio, esse servi\u00e7o p\u00fablico deve ser feito de modo que os cidad\u00e3os se sintam participantes de seu sistema de Governo, por estarem constantemente atualizados.<\/p>\n<p><img decoding=\"async\" class=\"wp-image-2382 aligncenter\" src=\"https:\/\/www.espalhando.com.brwp-content\/uploads\/2015\/11\/IMG_8010.jpg\" alt=\"Professor Fl\u00e1vio Muniz\" width=\"792\" height=\"597\" \/><\/p>\n<p>Al\u00e9m dos t\u00f3picos acima citados, foram abordados e discutidos assuntos como de que forma o Servi\u00e7o P\u00fablico pode melhorar sua atua\u00e7\u00e3o, atrav\u00e9s das ferramentas de pesquisa e monitoramento e como os \u00f3rg\u00e3os p\u00fablicos podem criar campanhas de m\u00eddias sociais eficazes.<\/p>\n<p>Ao final da palestra, os participantes desenvolveram atividades propostas pelos docentes, colocando em pr\u00e1tica o que foi abordado no conte\u00fado program\u00e1tico.<\/p>\n<p>Quest\u00f5es foram levantadas e a capacidade de resolu\u00e7\u00e3o de problemas dos participantes foram avaliadas e comentadas pelos docentes.<\/p>\n<p><img decoding=\"async\" class=\"wp-image-2383 aligncenter\" src=\"https:\/\/www.espalhando.com.brwp-content\/uploads\/2015\/11\/IMG_8026.jpg\" alt=\"Curso para empresas - Unicamp\" width=\"816\" height=\"500\" \/><\/p>\n<p>Nossos Cursos s\u00e3o personalizados para atender as necessidades de cada cliente, empresa ou institui\u00e7\u00e3o como no caso da Universidade Estadual de Campinas. Treinamos mais de 100 empresas nos m\u00f3dulos de Novas M\u00eddias, Analistas de Redes Sociais, Marketing de Conte\u00fado, SEO para Jornalistas, <a href=\"http:\/\/redessociais.griff.art.br\/\">O Segredo Marketing Online &#8211; Curso de Redes Sociais<\/a> entre muitos outros treinamentos em tecnologia.<\/p>\n<p>&nbsp;<\/p>\n<p><img decoding=\"async\" class=\"wp-image-2384 aligncenter\" src=\"https:\/\/www.espalhando.com.brwp-content\/uploads\/2015\/11\/IMG_8054.jpg\" alt=\"Professor Fl\u00e1vio Muniz\" width=\"830\" height=\"623\" \/><\/p>\n<p>&nbsp;<\/p>\n<p>Nossos treinamentos s\u00e3o atualizados e personalizados conforme necessidade de cada empresa seja ela privada ou um \u00f3rg\u00e3o p\u00fablico federal, estadual, municipal ou uma universidade como este que foi realizado na Unicamp. Ministramos cursos in company para atender \u00e0 necessidade espec\u00edfica de cada institui\u00e7\u00e3o, melhorando ainda mais a forma\u00e7\u00e3o e capacita\u00e7\u00e3o de funcion\u00e1rios e alunos, abordando temas como m\u00eddias, seo, marketing de conte\u00fado, inbound e marketing digital.<\/p>\n<p>Para maiores informa\u00e7\u00f5es a respeito dos cursos in company, em empresas, \u00f3rg\u00e3os p\u00fablicos, universidades p\u00fablicas e faculdades particulares como UNIP, MACKENZIE UNOPAR, UNINOVE, CAPER LIBERO, Anhanguera, Anhembi Morumbi, PUC, Cruzeiro do SUL entre outras\u00a0 <a href=\"https:\/\/www.espalhando.com.brcentro-de-treinamento\/\">clique aqui<\/a>.<\/p>\n<h3>Conhe\u00e7a o Perfil do Professor<strong> Flavio Muniz,<\/strong> gestor do Espalhando e Especialista em Marketing Digital<\/h3>\n<p><a href=\"https:\/\/br.linkedin.com\/in\/divulgarsite\"><img decoding=\"async\" class=\"aligncenter size-full wp-image-2061\" src=\"https:\/\/www.espalhando.com.brwp-content\/uploads\/2015\/08\/como-utilizar-o-linkedin-de-maneira-correta-e-ganhar-muito-dinheiro-com-ele-divulgar-site-3.jpg\" alt=\"como-utilizar-o-linkedin-de-maneira-correta-e-ganhar-muito-dinheiro-com-ele-divulgar-site-3\" width=\"1000\" height=\"571\" \/><\/a><\/p>\n<div class=\"text_box eluid3eee90be\">\n<div class=\"desc style4\">\n<blockquote>\n<h3>Fl\u00e1vio Muniz \u00e9 profissional de Marketing, especializado na ECA\/USP em Marketing Pol\u00edtico e Propaganda Eleitoral com MBA em Digital Marketing Social Media and Online Strategies pela Harvard University (EUA) em 2013. Em abril deste ano realizou curso livre na UCLA (Los Angeles \/Calif\u00f3rnia) em Novas M\u00eddias.<\/h3>\n<\/blockquote>\n<\/div>\n<\/div>\n<h4>\u00c9 fundador e CEO da Ag\u00eancia Espalhando Marketing Digital na qual\u00a0d\u00e1 consultoria a dezenas de empresas como Ita\u00fa Unibanco, Governo do Estado de S\u00e3o Paulo, Tognato, Col\u00e9gio Marco Polo, Est\u00e9tica Hollywood by Dr. Rey entre outras.<\/h4>\n<p>Em parceria com o Centro de Treinamento da Microsoft na Avenida Paulista ministra e coordena cursos na \u00e1rea de tecnologia como Analista de Redes Sociais, Google Adwords e SEO, Marketing no Facebook para Empresas, Introdu\u00e7\u00e3o a Produ\u00e7\u00e3o Gr\u00e1fica entre outros. Em 2015 treinamos 500 profissionais em nosso centro de treinamento e em empresas p\u00fablicas e privadas em todo Brasil.<\/p>\n<h4>Para maiores informa\u00e7\u00f5es, segue o curriculum do Professor Fl\u00e1vio Muniz em Linkedin: <a href=\"https:\/\/br.linkedin.com\/in\/divulgarsite\">http:\/\/LinKedin Professor Fl\u00e1vio Muniz<\/a><\/h4>\n","protected":false},"excerpt":{"rendered":"<p>Buscando ampliar o conhecimento dos servidores p\u00fablicos em variados temas, a Unicamp &#8211; Universidade Estadual de Campinas procura promover palestras e cursos com os melhores profissionais do mercado de tecnologia, como a palestra ministrada pelo nosso CEO da Ag\u00eancia Espalhando, Fl\u00e1vio Muniz, cujo tema abordado&#8230; <\/p>\n","protected":false},"author":1,"featured_media":2378,"comment_status":"open","ping_status":"open","sticky":false,"template":"","format":"standard","meta":{"_jetpack_memberships_contains_paid_content":false,"footnotes":""},"categories":[60,138],"tags":[],"class_list":["post-2377","post","type-post","status-publish","format-standard","has-post-thumbnail","hentry","category-empreendedor-digital-ganhar-dinheiro-na-internet","category-empresas"],"jetpack_sharing_enabled":true,"jetpack_featured_media_url":"","_links":{"self":[{"href":"https:\/\/www.espalhando.com.br\/blog\/wp-json\/wp\/v2\/posts\/2377"}],"collection":[{"href":"https:\/\/www.espalhando.com.br\/blog\/wp-json\/wp\/v2\/posts"}],"about":[{"href":"https:\/\/www.espalhando.com.br\/blog\/wp-json\/wp\/v2\/types\/post"}],"author":[{"embeddable":true,"href":"https:\/\/www.espalhando.com.br\/blog\/wp-json\/wp\/v2\/users\/1"}],"replies":[{"embeddable":true,"href":"https:\/\/www.espalhando.com.br\/blog\/wp-json\/wp\/v2\/comments?post=2377"}],"version-history":[{"count":0,"href":"https:\/\/www.espalhando.com.br\/blog\/wp-json\/wp\/v2\/posts\/2377\/revisions"}],"wp:featuredmedia":[{"embeddable":true,"href":"https:\/\/www.espalhando.com.br\/blog\/wp-json\/"}],"wp:attachment":[{"href":"https:\/\/www.espalhando.com.br\/blog\/wp-json\/wp\/v2\/media?parent=2377"}],"wp:term":[{"taxonomy":"category","embeddable":true,"href":"https:\/\/www.espalhando.com.br\/blog\/wp-json\/wp\/v2\/categories?post=2377"},{"taxonomy":"post_tag","embeddable":true,"href":"https:\/\/www.espalhando.com.br\/blog\/wp-json\/wp\/v2\/tags?post=2377"}],"curies":[{"name":"wp","href":"https:\/\/api.w.org\/{rel}","templated":true}]}}